{"id":12839,"date":"2017-08-21T10:09:38","date_gmt":"2017-08-21T08:09:38","guid":{"rendered":"http:\/\/aachen-shopping.de\/2017\/08\/21\/aachener-weinsommer\/"},"modified":"2017-08-21T10:09:38","modified_gmt":"2017-08-21T08:09:38","slug":"aachener-weinsommer","status":"publish","type":"post","link":"https:\/\/aachen-shopping.de\/en\/2017\/08\/21\/aachener-weinsommer\/","title":{"rendered":"Aachener Weinsommer"},"content":{"rendered":"<p>&nbsp;<\/p>\n<p><span style=\"font-size: 11pt; line-height: 1.5em;\"><strong>Vom 24. bis zum 27. August sind auf dem Katschhof wieder rheinland-pf\u00e4lzische Winzer zu Gast.<br \/>\n<\/strong><\/span><\/p>\n<p><span style=\"font-size: 11pt; line-height: 1.5em;\">Nachdem der gr\u00f6\u00dfte Sandkasten Aachens im Juli und August den Katschhof schm\u00fcckte, verwandelt sich dieser zwischen dem 24. und 27. August in einen Weinhof. Auch dieses Jahr stellen verschiedene Winzer aus Rheinland-Pfalz beim Aachener Weinsommer eine Vielzahl an Rebsorten und Weingen\u00fcssen vor.<br \/>\nAlso, alle Weinliebhaber und die, die es noch werden wollen, k\u00f6nnen sich Donnerstag und Freitag von 16 bis 24 Uhr, Samstag von 12 bis 24 Uhr und Sonntag von 12 bis 21 Uhr die leckeren Weine schmecken lassen.<\/span><\/p>\n<hr \/>\n<p><span style=\"font-size: 8pt;\">(Fotos: Agentur f\u00fcr Marketing Heidesheim)<\/span><\/p>\n","protected":false},"excerpt":{"rendered":"<p>Vom 24. bis zum 27. August sind auf dem Katschhof wieder rheinland-pf\u00e4lzische Winzer zu Gast.<\/p>\n","protected":false},"author":1,"featured_media":12833,"comment_status":"closed","ping_status":"closed","sticky":false,"template":"","format":"standard","meta":{"_acf_changed":false,"_monsterinsights_skip_tracking":false,"_monsterinsights_sitenote_active":false,"_monsterinsights_sitenote_note":"","_monsterinsights_sitenote_category":0,"footnotes":""},"categories":[3],"tags":[],"class_list":["post-12839","post","type-post","status-publish","format-standard","has-post-thumbnail","hentry","category-shopping-news-gb"],"acf":[],"yoast_head":"<!-- This site is optimized with the Yoast SEO plugin v27.5 - https:\/\/yoast.com\/product\/yoast-seo-wordpress\/ -->\n<title>Aachener Weinsommer - Einkaufen in Aachen<\/title>\n<meta name=\"robots\" content=\"index, follow, max-snippet:-1, max-image-preview:large, max-video-preview:-1\" \/>\n<link rel=\"canonical\" href=\"https:\/\/aachen-shopping.de\/en\/2017\/08\/21\/aachener-weinsommer\/\" \/>\n<script type=\"application\/ld+json\" class=\"yoast-schema-graph\">{\"@context\":\"https:\\\/\\\/schema.org\",\"@graph\":[{\"@type\":\"Article\",\"@id\":\"https:\\\/\\\/aachen-shopping.de\\\/en\\\/2017\\\/08\\\/21\\\/aachener-weinsommer\\\/#article\",\"isPartOf\":{\"@id\":\"https:\\\/\\\/aachen-shopping.de\\\/en\\\/2017\\\/08\\\/21\\\/aachener-weinsommer\\\/\"},\"author\":{\"name\":\"admin\",\"@id\":\"https:\\\/\\\/aachen-shopping.de\\\/en\\\/#\\\/schema\\\/person\\\/e7e4ecf5a1b2dcc107deec3ae378ee7e\"},\"headline\":\"Aachener Weinsommer\",\"datePublished\":\"2017-08-21T08:09:38+00:00\",\"mainEntityOfPage\":{\"@id\":\"https:\\\/\\\/aachen-shopping.de\\\/en\\\/2017\\\/08\\\/21\\\/aachener-weinsommer\\\/\"},\"wordCount\":99,\"image\":{\"@id\":\"https:\\\/\\\/aachen-shopping.de\\\/en\\\/2017\\\/08\\\/21\\\/aachener-weinsommer\\\/#primaryimage\"},\"thumbnailUrl\":\"https:\\\/\\\/aachen-shopping.de\\\/wp-content\\\/uploads\\\/2017\\\/08\\\/EIA_WS.jpg\",\"articleSection\":[\"SHOPPING NEWS\"],\"inLanguage\":\"en-US\"},{\"@type\":\"WebPage\",\"@id\":\"https:\\\/\\\/aachen-shopping.de\\\/en\\\/2017\\\/08\\\/21\\\/aachener-weinsommer\\\/\",\"url\":\"https:\\\/\\\/aachen-shopping.de\\\/en\\\/2017\\\/08\\\/21\\\/aachener-weinsommer\\\/\",\"name\":\"Aachener Weinsommer - Einkaufen in Aachen\",\"isPartOf\":{\"@id\":\"https:\\\/\\\/aachen-shopping.de\\\/en\\\/#website\"},\"primaryImageOfPage\":{\"@id\":\"https:\\\/\\\/aachen-shopping.de\\\/en\\\/2017\\\/08\\\/21\\\/aachener-weinsommer\\\/#primaryimage\"},\"image\":{\"@id\":\"https:\\\/\\\/aachen-shopping.de\\\/en\\\/2017\\\/08\\\/21\\\/aachener-weinsommer\\\/#primaryimage\"},\"thumbnailUrl\":\"https:\\\/\\\/aachen-shopping.de\\\/wp-content\\\/uploads\\\/2017\\\/08\\\/EIA_WS.jpg\",\"datePublished\":\"2017-08-21T08:09:38+00:00\",\"author\":{\"@id\":\"https:\\\/\\\/aachen-shopping.de\\\/en\\\/#\\\/schema\\\/person\\\/e7e4ecf5a1b2dcc107deec3ae378ee7e\"},\"breadcrumb\":{\"@id\":\"https:\\\/\\\/aachen-shopping.de\\\/en\\\/2017\\\/08\\\/21\\\/aachener-weinsommer\\\/#breadcrumb\"},\"inLanguage\":\"en-US\",\"potentialAction\":[{\"@type\":\"ReadAction\",\"target\":[\"https:\\\/\\\/aachen-shopping.de\\\/en\\\/2017\\\/08\\\/21\\\/aachener-weinsommer\\\/\"]}]},{\"@type\":\"ImageObject\",\"inLanguage\":\"en-US\",\"@id\":\"https:\\\/\\\/aachen-shopping.de\\\/en\\\/2017\\\/08\\\/21\\\/aachener-weinsommer\\\/#primaryimage\",\"url\":\"https:\\\/\\\/aachen-shopping.de\\\/wp-content\\\/uploads\\\/2017\\\/08\\\/EIA_WS.jpg\",\"contentUrl\":\"https:\\\/\\\/aachen-shopping.de\\\/wp-content\\\/uploads\\\/2017\\\/08\\\/EIA_WS.jpg\",\"width\":447,\"height\":312},{\"@type\":\"BreadcrumbList\",\"@id\":\"https:\\\/\\\/aachen-shopping.de\\\/en\\\/2017\\\/08\\\/21\\\/aachener-weinsommer\\\/#breadcrumb\",\"itemListElement\":[{\"@type\":\"ListItem\",\"position\":1,\"name\":\"Home\",\"item\":\"https:\\\/\\\/aachen-shopping.de\\\/en\\\/\"},{\"@type\":\"ListItem\",\"position\":2,\"name\":\"Aachener Weinsommer\"}]},{\"@type\":\"WebSite\",\"@id\":\"https:\\\/\\\/aachen-shopping.de\\\/en\\\/#website\",\"url\":\"https:\\\/\\\/aachen-shopping.de\\\/en\\\/\",\"name\":\"Einkaufen in Aachen\",\"description\":\"\",\"potentialAction\":[{\"@type\":\"SearchAction\",\"target\":{\"@type\":\"EntryPoint\",\"urlTemplate\":\"https:\\\/\\\/aachen-shopping.de\\\/en\\\/?s={search_term_string}\"},\"query-input\":{\"@type\":\"PropertyValueSpecification\",\"valueRequired\":true,\"valueName\":\"search_term_string\"}}],\"inLanguage\":\"en-US\"},{\"@type\":\"Person\",\"@id\":\"https:\\\/\\\/aachen-shopping.de\\\/en\\\/#\\\/schema\\\/person\\\/e7e4ecf5a1b2dcc107deec3ae378ee7e\",\"name\":\"admin\",\"image\":{\"@type\":\"ImageObject\",\"inLanguage\":\"en-US\",\"@id\":\"https:\\\/\\\/secure.gravatar.com\\\/avatar\\\/3599321e84ad68a7d8737390ec546368649423d41e0f49ba4af1a5b6151bb2a7?s=96&d=mm&r=g\",\"url\":\"https:\\\/\\\/secure.gravatar.com\\\/avatar\\\/3599321e84ad68a7d8737390ec546368649423d41e0f49ba4af1a5b6151bb2a7?s=96&d=mm&r=g\",\"contentUrl\":\"https:\\\/\\\/secure.gravatar.com\\\/avatar\\\/3599321e84ad68a7d8737390ec546368649423d41e0f49ba4af1a5b6151bb2a7?s=96&d=mm&r=g\",\"caption\":\"admin\"},\"url\":\"https:\\\/\\\/aachen-shopping.de\\\/en\\\/author\\\/einkaufen-in-aachen\\\/\"}]}<\/script>\n<!-- \/ Yoast SEO plugin. -->","yoast_head_json":{"title":"Aachener Weinsommer - Einkaufen in Aachen","robots":{"index":"index","follow":"follow","max-snippet":"max-snippet:-1","max-image-preview":"max-image-preview:large","max-video-preview":"max-video-preview:-1"},"canonical":"https:\/\/aachen-shopping.de\/en\/2017\/08\/21\/aachener-weinsommer\/","schema":{"@context":"https:\/\/schema.org","@graph":[{"@type":"Article","@id":"https:\/\/aachen-shopping.de\/en\/2017\/08\/21\/aachener-weinsommer\/#article","isPartOf":{"@id":"https:\/\/aachen-shopping.de\/en\/2017\/08\/21\/aachener-weinsommer\/"},"author":{"name":"admin","@id":"https:\/\/aachen-shopping.de\/en\/#\/schema\/person\/e7e4ecf5a1b2dcc107deec3ae378ee7e"},"headline":"Aachener Weinsommer","datePublished":"2017-08-21T08:09:38+00:00","mainEntityOfPage":{"@id":"https:\/\/aachen-shopping.de\/en\/2017\/08\/21\/aachener-weinsommer\/"},"wordCount":99,"image":{"@id":"https:\/\/aachen-shopping.de\/en\/2017\/08\/21\/aachener-weinsommer\/#primaryimage"},"thumbnailUrl":"https:\/\/aachen-shopping.de\/wp-content\/uploads\/2017\/08\/EIA_WS.jpg","articleSection":["SHOPPING NEWS"],"inLanguage":"en-US"},{"@type":"WebPage","@id":"https:\/\/aachen-shopping.de\/en\/2017\/08\/21\/aachener-weinsommer\/","url":"https:\/\/aachen-shopping.de\/en\/2017\/08\/21\/aachener-weinsommer\/","name":"Aachener Weinsommer - Einkaufen in Aachen","isPartOf":{"@id":"https:\/\/aachen-shopping.de\/en\/#website"},"primaryImageOfPage":{"@id":"https:\/\/aachen-shopping.de\/en\/2017\/08\/21\/aachener-weinsommer\/#primaryimage"},"image":{"@id":"https:\/\/aachen-shopping.de\/en\/2017\/08\/21\/aachener-weinsommer\/#primaryimage"},"thumbnailUrl":"https:\/\/aachen-shopping.de\/wp-content\/uploads\/2017\/08\/EIA_WS.jpg","datePublished":"2017-08-21T08:09:38+00:00","author":{"@id":"https:\/\/aachen-shopping.de\/en\/#\/schema\/person\/e7e4ecf5a1b2dcc107deec3ae378ee7e"},"breadcrumb":{"@id":"https:\/\/aachen-shopping.de\/en\/2017\/08\/21\/aachener-weinsommer\/#breadcrumb"},"inLanguage":"en-US","potentialAction":[{"@type":"ReadAction","target":["https:\/\/aachen-shopping.de\/en\/2017\/08\/21\/aachener-weinsommer\/"]}]},{"@type":"ImageObject","inLanguage":"en-US","@id":"https:\/\/aachen-shopping.de\/en\/2017\/08\/21\/aachener-weinsommer\/#primaryimage","url":"https:\/\/aachen-shopping.de\/wp-content\/uploads\/2017\/08\/EIA_WS.jpg","contentUrl":"https:\/\/aachen-shopping.de\/wp-content\/uploads\/2017\/08\/EIA_WS.jpg","width":447,"height":312},{"@type":"BreadcrumbList","@id":"https:\/\/aachen-shopping.de\/en\/2017\/08\/21\/aachener-weinsommer\/#breadcrumb","itemListElement":[{"@type":"ListItem","position":1,"name":"Home","item":"https:\/\/aachen-shopping.de\/en\/"},{"@type":"ListItem","position":2,"name":"Aachener Weinsommer"}]},{"@type":"WebSite","@id":"https:\/\/aachen-shopping.de\/en\/#website","url":"https:\/\/aachen-shopping.de\/en\/","name":"Einkaufen in Aachen","description":"","potentialAction":[{"@type":"SearchAction","target":{"@type":"EntryPoint","urlTemplate":"https:\/\/aachen-shopping.de\/en\/?s={search_term_string}"},"query-input":{"@type":"PropertyValueSpecification","valueRequired":true,"valueName":"search_term_string"}}],"inLanguage":"en-US"},{"@type":"Person","@id":"https:\/\/aachen-shopping.de\/en\/#\/schema\/person\/e7e4ecf5a1b2dcc107deec3ae378ee7e","name":"admin","image":{"@type":"ImageObject","inLanguage":"en-US","@id":"https:\/\/secure.gravatar.com\/avatar\/3599321e84ad68a7d8737390ec546368649423d41e0f49ba4af1a5b6151bb2a7?s=96&d=mm&r=g","url":"https:\/\/secure.gravatar.com\/avatar\/3599321e84ad68a7d8737390ec546368649423d41e0f49ba4af1a5b6151bb2a7?s=96&d=mm&r=g","contentUrl":"https:\/\/secure.gravatar.com\/avatar\/3599321e84ad68a7d8737390ec546368649423d41e0f49ba4af1a5b6151bb2a7?s=96&d=mm&r=g","caption":"admin"},"url":"https:\/\/aachen-shopping.de\/en\/author\/einkaufen-in-aachen\/"}]}},"_links":{"self":[{"href":"https:\/\/aachen-shopping.de\/en\/wp-json\/wp\/v2\/posts\/12839","targetHints":{"allow":["GET"]}}],"collection":[{"href":"https:\/\/aachen-shopping.de\/en\/wp-json\/wp\/v2\/posts"}],"about":[{"href":"https:\/\/aachen-shopping.de\/en\/wp-json\/wp\/v2\/types\/post"}],"author":[{"embeddable":true,"href":"https:\/\/aachen-shopping.de\/en\/wp-json\/wp\/v2\/users\/1"}],"replies":[{"embeddable":true,"href":"https:\/\/aachen-shopping.de\/en\/wp-json\/wp\/v2\/comments?post=12839"}],"version-history":[{"count":0,"href":"https:\/\/aachen-shopping.de\/en\/wp-json\/wp\/v2\/posts\/12839\/revisions"}],"wp:featuredmedia":[{"embeddable":true,"href":"https:\/\/aachen-shopping.de\/en\/wp-json\/wp\/v2\/media\/12833"}],"wp:attachment":[{"href":"https:\/\/aachen-shopping.de\/en\/wp-json\/wp\/v2\/media?parent=12839"}],"wp:term":[{"taxonomy":"category","embeddable":true,"href":"https:\/\/aachen-shopping.de\/en\/wp-json\/wp\/v2\/categories?post=12839"},{"taxonomy":"post_tag","embeddable":true,"href":"https:\/\/aachen-shopping.de\/en\/wp-json\/wp\/v2\/tags?post=12839"}],"curies":[{"name":"wp","href":"https:\/\/api.w.org\/{rel}","templated":true}]}}