{"id":25569,"date":"2021-05-05T13:45:17","date_gmt":"2021-05-05T11:45:17","guid":{"rendered":"https:\/\/aachen-shopping.de\/2021\/05\/05\/internationaler-tag-des-fairen-handels\/"},"modified":"2021-05-05T13:52:48","modified_gmt":"2021-05-05T11:52:48","slug":"internationaler-tag-des-fairen-handels","status":"publish","type":"post","link":"https:\/\/aachen-shopping.de\/en\/2021\/05\/05\/internationaler-tag-des-fairen-handels\/","title":{"rendered":"Internationaler Tag des Fairen Handels"},"content":{"rendered":"<p><strong>Am 8. Mai ist der Internationale Tag des Fairen Handels und bundesweiter Weltladen-Tag.<\/strong><\/p>\n<p>Eine gerechtere Bezahlung und menschenw\u00fcrdige Arbeitsbedingungen in Schwellen- und Entwicklungsl\u00e4ndern. Daf\u00fcr setzt sich Fairtrade ein. Und auch in Aachen werden diese Ziele gro\u00dfgeschrieben. Seit zehn Jahren ist die Stadt bereits offizielle <strong><a href=\"https:\/\/aachen-shopping.de\/fairtrade\/\" target=\"_blank\" rel=\"noopener\">Fairtrade-Town<\/a><\/strong>. Zahlreiche Bildungseinrichtungen sind mit dem Fairtrade-Siegel ausgezeichnet und ortsans\u00e4ssige Hilfswerke unterst\u00fctzen mit ihren weltweiten Projekten den Fairen Handel.<\/p>\n<p>Au\u00dferdem gibt es in Aachen viele tolle L\u00e4den mit fair gehandelten Produkten. Neben <strong><a href=\"https:\/\/aachen-shopping.de\/en\/shops-by-category\/?sub_cat=Kreatives%20&#038;%20Handwerk&#038;cat=Freizeit&#038;shop_id=94449\">Weltweit am Dom<\/a><\/strong>, dem <strong><a href=\"https:\/\/aachen-shopping.de\/en\/shops-by-category\/?sel_maincat=Genuss&#038;shop_id=44448\">Contigo Fairtrade Shop<\/a><\/strong> und dem offiziellen <a href=\"https:\/\/aachen-shopping.de\/en\/shops-by-category\/?sel_maincat=Genuss&#038;shop_id=69238\"><strong>Weltladen<\/strong><\/a>, der im Mai seinen neuen Aachen-Kaffee pr\u00e4sentiert, bieten auch viele Einzelh\u00e4ndler*innen faire Ware an. Von Lebensmitteln \u00fcber Mode und Accessoires bis hin zu Handwerkskunst gibt es hier viel zu entdecken. Einen \u00dcberblick \u00fcber alle teilnehmenden H\u00e4ndler*innen gibt es hier: <strong><a href=\"https:\/\/fairhandeln.info\/fairer-stadtplan\/\" target=\"_blank\" rel=\"noopener\">fairhandeln.info\/fairer-stadtplan<\/a><\/strong>.<\/p>\n<p>Im Verlauf des Jahres sind noch weitere Aktionen zum Thema Fairer Handel geplant: Im September etwa soll die 3. Aachener Fairtrade-Messe in der Aula Carolina stattfinden.<\/p>\n<p>Weitere Informationen zu den Aktivit\u00e4ten in der Region Aachen gibt es unter anderem unter <a href=\"http:\/\/www.fairtrade-aachen.de\" target=\"_blank\" rel=\"noopener\">fairtrade-aachen.de.<\/a><\/p>\n<hr \/>\n<p><span style=\"font-size: 8pt;\">Fotos: Jakub Kaliszewski<\/span><\/p>\n","protected":false},"excerpt":{"rendered":"<p>Am 8. Mai ist der Internationale Tag des Fairen Handels und bundesweiter Weltladen-Tag.<\/p>\n","protected":false},"author":1,"featured_media":25557,"comment_status":"closed","ping_status":"closed","sticky":false,"template":"","format":"standard","meta":{"_acf_changed":false,"_monsterinsights_skip_tracking":false,"_monsterinsights_sitenote_active":false,"_monsterinsights_sitenote_note":"","_monsterinsights_sitenote_category":0,"footnotes":""},"categories":[17],"tags":[],"class_list":["post-25569","post","type-post","status-publish","format-standard","has-post-thumbnail","hentry","category-fundstuecke-gb"],"acf":[],"yoast_head":"<!-- This site is optimized with the Yoast SEO plugin v27.5 - https:\/\/yoast.com\/product\/yoast-seo-wordpress\/ -->\n<title>Internationaler Tag des Fairen Handels - Einkaufen in Aachen<\/title>\n<meta name=\"robots\" content=\"index, follow, max-snippet:-1, max-image-preview:large, max-video-preview:-1\" \/>\n<link rel=\"canonical\" href=\"https:\/\/aachen-shopping.de\/en\/2021\/05\/05\/internationaler-tag-des-fairen-handels\/\" \/>\n<script type=\"application\/ld+json\" class=\"yoast-schema-graph\">{\"@context\":\"https:\\\/\\\/schema.org\",\"@graph\":[{\"@type\":\"Article\",\"@id\":\"https:\\\/\\\/aachen-shopping.de\\\/en\\\/2021\\\/05\\\/05\\\/internationaler-tag-des-fairen-handels\\\/#article\",\"isPartOf\":{\"@id\":\"https:\\\/\\\/aachen-shopping.de\\\/en\\\/2021\\\/05\\\/05\\\/internationaler-tag-des-fairen-handels\\\/\"},\"author\":{\"name\":\"admin\",\"@id\":\"https:\\\/\\\/aachen-shopping.de\\\/en\\\/#\\\/schema\\\/person\\\/e7e4ecf5a1b2dcc107deec3ae378ee7e\"},\"headline\":\"Internationaler Tag des Fairen Handels\",\"datePublished\":\"2021-05-05T11:45:17+00:00\",\"dateModified\":\"2021-05-05T11:52:48+00:00\",\"mainEntityOfPage\":{\"@id\":\"https:\\\/\\\/aachen-shopping.de\\\/en\\\/2021\\\/05\\\/05\\\/internationaler-tag-des-fairen-handels\\\/\"},\"wordCount\":191,\"image\":{\"@id\":\"https:\\\/\\\/aachen-shopping.de\\\/en\\\/2021\\\/05\\\/05\\\/internationaler-tag-des-fairen-handels\\\/#primaryimage\"},\"thumbnailUrl\":\"https:\\\/\\\/aachen-shopping.de\\\/wp-content\\\/uploads\\\/2021\\\/05\\\/ftt_vernetzungstreffen_jakub_kaliszewski.jpg\",\"articleSection\":[\"FIND OF THE WEEK\"],\"inLanguage\":\"en-US\"},{\"@type\":\"WebPage\",\"@id\":\"https:\\\/\\\/aachen-shopping.de\\\/en\\\/2021\\\/05\\\/05\\\/internationaler-tag-des-fairen-handels\\\/\",\"url\":\"https:\\\/\\\/aachen-shopping.de\\\/en\\\/2021\\\/05\\\/05\\\/internationaler-tag-des-fairen-handels\\\/\",\"name\":\"Internationaler Tag des Fairen Handels - Einkaufen in Aachen\",\"isPartOf\":{\"@id\":\"https:\\\/\\\/aachen-shopping.de\\\/en\\\/#website\"},\"primaryImageOfPage\":{\"@id\":\"https:\\\/\\\/aachen-shopping.de\\\/en\\\/2021\\\/05\\\/05\\\/internationaler-tag-des-fairen-handels\\\/#primaryimage\"},\"image\":{\"@id\":\"https:\\\/\\\/aachen-shopping.de\\\/en\\\/2021\\\/05\\\/05\\\/internationaler-tag-des-fairen-handels\\\/#primaryimage\"},\"thumbnailUrl\":\"https:\\\/\\\/aachen-shopping.de\\\/wp-content\\\/uploads\\\/2021\\\/05\\\/ftt_vernetzungstreffen_jakub_kaliszewski.jpg\",\"datePublished\":\"2021-05-05T11:45:17+00:00\",\"dateModified\":\"2021-05-05T11:52:48+00:00\",\"author\":{\"@id\":\"https:\\\/\\\/aachen-shopping.de\\\/en\\\/#\\\/schema\\\/person\\\/e7e4ecf5a1b2dcc107deec3ae378ee7e\"},\"breadcrumb\":{\"@id\":\"https:\\\/\\\/aachen-shopping.de\\\/en\\\/2021\\\/05\\\/05\\\/internationaler-tag-des-fairen-handels\\\/#breadcrumb\"},\"inLanguage\":\"en-US\",\"potentialAction\":[{\"@type\":\"ReadAction\",\"target\":[\"https:\\\/\\\/aachen-shopping.de\\\/en\\\/2021\\\/05\\\/05\\\/internationaler-tag-des-fairen-handels\\\/\"]}]},{\"@type\":\"ImageObject\",\"inLanguage\":\"en-US\",\"@id\":\"https:\\\/\\\/aachen-shopping.de\\\/en\\\/2021\\\/05\\\/05\\\/internationaler-tag-des-fairen-handels\\\/#primaryimage\",\"url\":\"https:\\\/\\\/aachen-shopping.de\\\/wp-content\\\/uploads\\\/2021\\\/05\\\/ftt_vernetzungstreffen_jakub_kaliszewski.jpg\",\"contentUrl\":\"https:\\\/\\\/aachen-shopping.de\\\/wp-content\\\/uploads\\\/2021\\\/05\\\/ftt_vernetzungstreffen_jakub_kaliszewski.jpg\",\"width\":530,\"height\":617},{\"@type\":\"BreadcrumbList\",\"@id\":\"https:\\\/\\\/aachen-shopping.de\\\/en\\\/2021\\\/05\\\/05\\\/internationaler-tag-des-fairen-handels\\\/#breadcrumb\",\"itemListElement\":[{\"@type\":\"ListItem\",\"position\":1,\"name\":\"Home\",\"item\":\"https:\\\/\\\/aachen-shopping.de\\\/en\\\/\"},{\"@type\":\"ListItem\",\"position\":2,\"name\":\"Internationaler Tag des Fairen Handels\"}]},{\"@type\":\"WebSite\",\"@id\":\"https:\\\/\\\/aachen-shopping.de\\\/en\\\/#website\",\"url\":\"https:\\\/\\\/aachen-shopping.de\\\/en\\\/\",\"name\":\"Einkaufen in Aachen\",\"description\":\"\",\"potentialAction\":[{\"@type\":\"SearchAction\",\"target\":{\"@type\":\"EntryPoint\",\"urlTemplate\":\"https:\\\/\\\/aachen-shopping.de\\\/en\\\/?s={search_term_string}\"},\"query-input\":{\"@type\":\"PropertyValueSpecification\",\"valueRequired\":true,\"valueName\":\"search_term_string\"}}],\"inLanguage\":\"en-US\"},{\"@type\":\"Person\",\"@id\":\"https:\\\/\\\/aachen-shopping.de\\\/en\\\/#\\\/schema\\\/person\\\/e7e4ecf5a1b2dcc107deec3ae378ee7e\",\"name\":\"admin\",\"image\":{\"@type\":\"ImageObject\",\"inLanguage\":\"en-US\",\"@id\":\"https:\\\/\\\/secure.gravatar.com\\\/avatar\\\/3599321e84ad68a7d8737390ec546368649423d41e0f49ba4af1a5b6151bb2a7?s=96&d=mm&r=g\",\"url\":\"https:\\\/\\\/secure.gravatar.com\\\/avatar\\\/3599321e84ad68a7d8737390ec546368649423d41e0f49ba4af1a5b6151bb2a7?s=96&d=mm&r=g\",\"contentUrl\":\"https:\\\/\\\/secure.gravatar.com\\\/avatar\\\/3599321e84ad68a7d8737390ec546368649423d41e0f49ba4af1a5b6151bb2a7?s=96&d=mm&r=g\",\"caption\":\"admin\"},\"url\":\"https:\\\/\\\/aachen-shopping.de\\\/en\\\/author\\\/einkaufen-in-aachen\\\/\"}]}<\/script>\n<!-- \/ Yoast SEO plugin. -->","yoast_head_json":{"title":"Internationaler Tag des Fairen Handels - Einkaufen in Aachen","robots":{"index":"index","follow":"follow","max-snippet":"max-snippet:-1","max-image-preview":"max-image-preview:large","max-video-preview":"max-video-preview:-1"},"canonical":"https:\/\/aachen-shopping.de\/en\/2021\/05\/05\/internationaler-tag-des-fairen-handels\/","schema":{"@context":"https:\/\/schema.org","@graph":[{"@type":"Article","@id":"https:\/\/aachen-shopping.de\/en\/2021\/05\/05\/internationaler-tag-des-fairen-handels\/#article","isPartOf":{"@id":"https:\/\/aachen-shopping.de\/en\/2021\/05\/05\/internationaler-tag-des-fairen-handels\/"},"author":{"name":"admin","@id":"https:\/\/aachen-shopping.de\/en\/#\/schema\/person\/e7e4ecf5a1b2dcc107deec3ae378ee7e"},"headline":"Internationaler Tag des Fairen Handels","datePublished":"2021-05-05T11:45:17+00:00","dateModified":"2021-05-05T11:52:48+00:00","mainEntityOfPage":{"@id":"https:\/\/aachen-shopping.de\/en\/2021\/05\/05\/internationaler-tag-des-fairen-handels\/"},"wordCount":191,"image":{"@id":"https:\/\/aachen-shopping.de\/en\/2021\/05\/05\/internationaler-tag-des-fairen-handels\/#primaryimage"},"thumbnailUrl":"https:\/\/aachen-shopping.de\/wp-content\/uploads\/2021\/05\/ftt_vernetzungstreffen_jakub_kaliszewski.jpg","articleSection":["FIND OF THE WEEK"],"inLanguage":"en-US"},{"@type":"WebPage","@id":"https:\/\/aachen-shopping.de\/en\/2021\/05\/05\/internationaler-tag-des-fairen-handels\/","url":"https:\/\/aachen-shopping.de\/en\/2021\/05\/05\/internationaler-tag-des-fairen-handels\/","name":"Internationaler Tag des Fairen Handels - Einkaufen in Aachen","isPartOf":{"@id":"https:\/\/aachen-shopping.de\/en\/#website"},"primaryImageOfPage":{"@id":"https:\/\/aachen-shopping.de\/en\/2021\/05\/05\/internationaler-tag-des-fairen-handels\/#primaryimage"},"image":{"@id":"https:\/\/aachen-shopping.de\/en\/2021\/05\/05\/internationaler-tag-des-fairen-handels\/#primaryimage"},"thumbnailUrl":"https:\/\/aachen-shopping.de\/wp-content\/uploads\/2021\/05\/ftt_vernetzungstreffen_jakub_kaliszewski.jpg","datePublished":"2021-05-05T11:45:17+00:00","dateModified":"2021-05-05T11:52:48+00:00","author":{"@id":"https:\/\/aachen-shopping.de\/en\/#\/schema\/person\/e7e4ecf5a1b2dcc107deec3ae378ee7e"},"breadcrumb":{"@id":"https:\/\/aachen-shopping.de\/en\/2021\/05\/05\/internationaler-tag-des-fairen-handels\/#breadcrumb"},"inLanguage":"en-US","potentialAction":[{"@type":"ReadAction","target":["https:\/\/aachen-shopping.de\/en\/2021\/05\/05\/internationaler-tag-des-fairen-handels\/"]}]},{"@type":"ImageObject","inLanguage":"en-US","@id":"https:\/\/aachen-shopping.de\/en\/2021\/05\/05\/internationaler-tag-des-fairen-handels\/#primaryimage","url":"https:\/\/aachen-shopping.de\/wp-content\/uploads\/2021\/05\/ftt_vernetzungstreffen_jakub_kaliszewski.jpg","contentUrl":"https:\/\/aachen-shopping.de\/wp-content\/uploads\/2021\/05\/ftt_vernetzungstreffen_jakub_kaliszewski.jpg","width":530,"height":617},{"@type":"BreadcrumbList","@id":"https:\/\/aachen-shopping.de\/en\/2021\/05\/05\/internationaler-tag-des-fairen-handels\/#breadcrumb","itemListElement":[{"@type":"ListItem","position":1,"name":"Home","item":"https:\/\/aachen-shopping.de\/en\/"},{"@type":"ListItem","position":2,"name":"Internationaler Tag des Fairen Handels"}]},{"@type":"WebSite","@id":"https:\/\/aachen-shopping.de\/en\/#website","url":"https:\/\/aachen-shopping.de\/en\/","name":"Einkaufen in Aachen","description":"","potentialAction":[{"@type":"SearchAction","target":{"@type":"EntryPoint","urlTemplate":"https:\/\/aachen-shopping.de\/en\/?s={search_term_string}"},"query-input":{"@type":"PropertyValueSpecification","valueRequired":true,"valueName":"search_term_string"}}],"inLanguage":"en-US"},{"@type":"Person","@id":"https:\/\/aachen-shopping.de\/en\/#\/schema\/person\/e7e4ecf5a1b2dcc107deec3ae378ee7e","name":"admin","image":{"@type":"ImageObject","inLanguage":"en-US","@id":"https:\/\/secure.gravatar.com\/avatar\/3599321e84ad68a7d8737390ec546368649423d41e0f49ba4af1a5b6151bb2a7?s=96&d=mm&r=g","url":"https:\/\/secure.gravatar.com\/avatar\/3599321e84ad68a7d8737390ec546368649423d41e0f49ba4af1a5b6151bb2a7?s=96&d=mm&r=g","contentUrl":"https:\/\/secure.gravatar.com\/avatar\/3599321e84ad68a7d8737390ec546368649423d41e0f49ba4af1a5b6151bb2a7?s=96&d=mm&r=g","caption":"admin"},"url":"https:\/\/aachen-shopping.de\/en\/author\/einkaufen-in-aachen\/"}]}},"_links":{"self":[{"href":"https:\/\/aachen-shopping.de\/en\/wp-json\/wp\/v2\/posts\/25569","targetHints":{"allow":["GET"]}}],"collection":[{"href":"https:\/\/aachen-shopping.de\/en\/wp-json\/wp\/v2\/posts"}],"about":[{"href":"https:\/\/aachen-shopping.de\/en\/wp-json\/wp\/v2\/types\/post"}],"author":[{"embeddable":true,"href":"https:\/\/aachen-shopping.de\/en\/wp-json\/wp\/v2\/users\/1"}],"replies":[{"embeddable":true,"href":"https:\/\/aachen-shopping.de\/en\/wp-json\/wp\/v2\/comments?post=25569"}],"version-history":[{"count":0,"href":"https:\/\/aachen-shopping.de\/en\/wp-json\/wp\/v2\/posts\/25569\/revisions"}],"wp:featuredmedia":[{"embeddable":true,"href":"https:\/\/aachen-shopping.de\/en\/wp-json\/wp\/v2\/media\/25557"}],"wp:attachment":[{"href":"https:\/\/aachen-shopping.de\/en\/wp-json\/wp\/v2\/media?parent=25569"}],"wp:term":[{"taxonomy":"category","embeddable":true,"href":"https:\/\/aachen-shopping.de\/en\/wp-json\/wp\/v2\/categories?post=25569"},{"taxonomy":"post_tag","embeddable":true,"href":"https:\/\/aachen-shopping.de\/en\/wp-json\/wp\/v2\/tags?post=25569"}],"curies":[{"name":"wp","href":"https:\/\/api.w.org\/{rel}","templated":true}]}}