{"id":18324,"date":"2019-02-08T14:44:04","date_gmt":"2019-02-08T13:44:04","guid":{"rendered":"https:\/\/aachen-shopping.de\/2019\/02\/08\/valentinstag-in-den-carolus-thermen\/"},"modified":"2019-02-08T14:44:04","modified_gmt":"2019-02-08T13:44:04","slug":"valentinstag-in-den-carolus-thermen","status":"publish","type":"post","link":"https:\/\/aachen-shopping.de\/nl\/2019\/02\/08\/valentinstag-in-den-carolus-thermen\/","title":{"rendered":"Valentinstag in den Carolus Thermen"},"content":{"rendered":"\n<p><\/p>\n\n\n\n<p>Am 14. Februar ist der Tag der Liebenden und wie kann man diesen besser genie\u00dfen, als mit einem Verw\u00f6hn-Programm in den Carlous Thermen?<br><br>In den Carolus Thermen ist pure Erholung angesagt. Und auch am Valentinstag kann man sich hier rundum verw\u00f6hnen und es sich gutgehen lassen: Neben einem Besuch der Thermalwelt und des Saunabereichs bieten die \u201eCarolus Thermen\u201c extra zum Valentinstag eine 50-min\u00fctige Partnermassage f\u00fcr 99 Euro an.<br><br>Wer den Tag auch kulinarisch genie\u00dfen m\u00f6chte, bekommt in der Gastronomie KOCHKULTUR ein Valentinstags-Men\u00fc f\u00fcr 29,95 Euro angeboten.<\/p>\n\n\n\n<hr class=\"wp-block-separator\"\/>\n\n\n\n<p><strong><br>Gefunden in \u2026 <\/strong> den <a rel=\"noreferrer noopener\" aria-label=\" (\u00f6ffnet in neuem Tab)\" href=\"https:\/\/www.carolus-thermen.de\" target=\"_blank\"><strong>Carolus Thermen\u00a0<\/strong><\/a> in der Passstra\u00dfe 79.<\/p>\n","protected":false},"excerpt":{"rendered":"<p>Am 14. Februar ist der Tag der Liebenden und wie kann man diesen besser genie\u00dfen, als mit einem Verw\u00f6hn-Programm in den Carlous Thermen?<\/p>\n","protected":false},"author":1,"featured_media":18284,"comment_status":"closed","ping_status":"closed","sticky":false,"template":"","format":"standard","meta":{"_acf_changed":false,"_monsterinsights_skip_tracking":false,"_monsterinsights_sitenote_active":false,"_monsterinsights_sitenote_note":"","_monsterinsights_sitenote_category":0,"footnotes":""},"categories":[18],"tags":[],"class_list":["post-18324","post","type-post","status-publish","format-standard","has-post-thumbnail","hentry","category-fundstucke-nl"],"acf":[],"yoast_head":"<!-- This site is optimized with the Yoast SEO plugin v27.5 - https:\/\/yoast.com\/product\/yoast-seo-wordpress\/ -->\n<title>Valentinstag in den Carolus Thermen - Einkaufen in Aachen<\/title>\n<meta name=\"robots\" content=\"index, follow, max-snippet:-1, max-image-preview:large, max-video-preview:-1\" \/>\n<link rel=\"canonical\" href=\"https:\/\/aachen-shopping.de\/nl\/2019\/02\/08\/valentinstag-in-den-carolus-thermen\/\" \/>\n<script type=\"application\/ld+json\" class=\"yoast-schema-graph\">{\"@context\":\"https:\\\/\\\/schema.org\",\"@graph\":[{\"@type\":\"Article\",\"@id\":\"https:\\\/\\\/aachen-shopping.de\\\/nl\\\/2019\\\/02\\\/08\\\/valentinstag-in-den-carolus-thermen\\\/#article\",\"isPartOf\":{\"@id\":\"https:\\\/\\\/aachen-shopping.de\\\/nl\\\/2019\\\/02\\\/08\\\/valentinstag-in-den-carolus-thermen\\\/\"},\"author\":{\"name\":\"admin\",\"@id\":\"https:\\\/\\\/aachen-shopping.de\\\/nl\\\/#\\\/schema\\\/person\\\/e7e4ecf5a1b2dcc107deec3ae378ee7e\"},\"headline\":\"Valentinstag in den Carolus Thermen\",\"datePublished\":\"2019-02-08T13:44:04+00:00\",\"mainEntityOfPage\":{\"@id\":\"https:\\\/\\\/aachen-shopping.de\\\/nl\\\/2019\\\/02\\\/08\\\/valentinstag-in-den-carolus-thermen\\\/\"},\"wordCount\":105,\"image\":{\"@id\":\"https:\\\/\\\/aachen-shopping.de\\\/nl\\\/2019\\\/02\\\/08\\\/valentinstag-in-den-carolus-thermen\\\/#primaryimage\"},\"thumbnailUrl\":\"https:\\\/\\\/aachen-shopping.de\\\/wp-content\\\/uploads\\\/2019\\\/02\\\/EIA_VCT.jpg\",\"articleSection\":[\"Vondst van de week\"],\"inLanguage\":\"nl-NL\"},{\"@type\":\"WebPage\",\"@id\":\"https:\\\/\\\/aachen-shopping.de\\\/nl\\\/2019\\\/02\\\/08\\\/valentinstag-in-den-carolus-thermen\\\/\",\"url\":\"https:\\\/\\\/aachen-shopping.de\\\/nl\\\/2019\\\/02\\\/08\\\/valentinstag-in-den-carolus-thermen\\\/\",\"name\":\"Valentinstag in den Carolus Thermen - Einkaufen in Aachen\",\"isPartOf\":{\"@id\":\"https:\\\/\\\/aachen-shopping.de\\\/nl\\\/#website\"},\"primaryImageOfPage\":{\"@id\":\"https:\\\/\\\/aachen-shopping.de\\\/nl\\\/2019\\\/02\\\/08\\\/valentinstag-in-den-carolus-thermen\\\/#primaryimage\"},\"image\":{\"@id\":\"https:\\\/\\\/aachen-shopping.de\\\/nl\\\/2019\\\/02\\\/08\\\/valentinstag-in-den-carolus-thermen\\\/#primaryimage\"},\"thumbnailUrl\":\"https:\\\/\\\/aachen-shopping.de\\\/wp-content\\\/uploads\\\/2019\\\/02\\\/EIA_VCT.jpg\",\"datePublished\":\"2019-02-08T13:44:04+00:00\",\"author\":{\"@id\":\"https:\\\/\\\/aachen-shopping.de\\\/nl\\\/#\\\/schema\\\/person\\\/e7e4ecf5a1b2dcc107deec3ae378ee7e\"},\"breadcrumb\":{\"@id\":\"https:\\\/\\\/aachen-shopping.de\\\/nl\\\/2019\\\/02\\\/08\\\/valentinstag-in-den-carolus-thermen\\\/#breadcrumb\"},\"inLanguage\":\"nl-NL\",\"potentialAction\":[{\"@type\":\"ReadAction\",\"target\":[\"https:\\\/\\\/aachen-shopping.de\\\/nl\\\/2019\\\/02\\\/08\\\/valentinstag-in-den-carolus-thermen\\\/\"]}]},{\"@type\":\"ImageObject\",\"inLanguage\":\"nl-NL\",\"@id\":\"https:\\\/\\\/aachen-shopping.de\\\/nl\\\/2019\\\/02\\\/08\\\/valentinstag-in-den-carolus-thermen\\\/#primaryimage\",\"url\":\"https:\\\/\\\/aachen-shopping.de\\\/wp-content\\\/uploads\\\/2019\\\/02\\\/EIA_VCT.jpg\",\"contentUrl\":\"https:\\\/\\\/aachen-shopping.de\\\/wp-content\\\/uploads\\\/2019\\\/02\\\/EIA_VCT.jpg\",\"width\":447,\"height\":312},{\"@type\":\"BreadcrumbList\",\"@id\":\"https:\\\/\\\/aachen-shopping.de\\\/nl\\\/2019\\\/02\\\/08\\\/valentinstag-in-den-carolus-thermen\\\/#breadcrumb\",\"itemListElement\":[{\"@type\":\"ListItem\",\"position\":1,\"name\":\"Home\",\"item\":\"https:\\\/\\\/aachen-shopping.de\\\/nl\\\/\"},{\"@type\":\"ListItem\",\"position\":2,\"name\":\"Valentinstag in den Carolus Thermen\"}]},{\"@type\":\"WebSite\",\"@id\":\"https:\\\/\\\/aachen-shopping.de\\\/nl\\\/#website\",\"url\":\"https:\\\/\\\/aachen-shopping.de\\\/nl\\\/\",\"name\":\"Einkaufen in Aachen\",\"description\":\"\",\"potentialAction\":[{\"@type\":\"SearchAction\",\"target\":{\"@type\":\"EntryPoint\",\"urlTemplate\":\"https:\\\/\\\/aachen-shopping.de\\\/nl\\\/?s={search_term_string}\"},\"query-input\":{\"@type\":\"PropertyValueSpecification\",\"valueRequired\":true,\"valueName\":\"search_term_string\"}}],\"inLanguage\":\"nl-NL\"},{\"@type\":\"Person\",\"@id\":\"https:\\\/\\\/aachen-shopping.de\\\/nl\\\/#\\\/schema\\\/person\\\/e7e4ecf5a1b2dcc107deec3ae378ee7e\",\"name\":\"admin\",\"image\":{\"@type\":\"ImageObject\",\"inLanguage\":\"nl-NL\",\"@id\":\"https:\\\/\\\/secure.gravatar.com\\\/avatar\\\/3599321e84ad68a7d8737390ec546368649423d41e0f49ba4af1a5b6151bb2a7?s=96&d=mm&r=g\",\"url\":\"https:\\\/\\\/secure.gravatar.com\\\/avatar\\\/3599321e84ad68a7d8737390ec546368649423d41e0f49ba4af1a5b6151bb2a7?s=96&d=mm&r=g\",\"contentUrl\":\"https:\\\/\\\/secure.gravatar.com\\\/avatar\\\/3599321e84ad68a7d8737390ec546368649423d41e0f49ba4af1a5b6151bb2a7?s=96&d=mm&r=g\",\"caption\":\"admin\"},\"url\":\"https:\\\/\\\/aachen-shopping.de\\\/nl\\\/author\\\/einkaufen-in-aachen\\\/\"}]}<\/script>\n<!-- \/ Yoast SEO plugin. -->","yoast_head_json":{"title":"Valentinstag in den Carolus Thermen - Einkaufen in Aachen","robots":{"index":"index","follow":"follow","max-snippet":"max-snippet:-1","max-image-preview":"max-image-preview:large","max-video-preview":"max-video-preview:-1"},"canonical":"https:\/\/aachen-shopping.de\/nl\/2019\/02\/08\/valentinstag-in-den-carolus-thermen\/","schema":{"@context":"https:\/\/schema.org","@graph":[{"@type":"Article","@id":"https:\/\/aachen-shopping.de\/nl\/2019\/02\/08\/valentinstag-in-den-carolus-thermen\/#article","isPartOf":{"@id":"https:\/\/aachen-shopping.de\/nl\/2019\/02\/08\/valentinstag-in-den-carolus-thermen\/"},"author":{"name":"admin","@id":"https:\/\/aachen-shopping.de\/nl\/#\/schema\/person\/e7e4ecf5a1b2dcc107deec3ae378ee7e"},"headline":"Valentinstag in den Carolus Thermen","datePublished":"2019-02-08T13:44:04+00:00","mainEntityOfPage":{"@id":"https:\/\/aachen-shopping.de\/nl\/2019\/02\/08\/valentinstag-in-den-carolus-thermen\/"},"wordCount":105,"image":{"@id":"https:\/\/aachen-shopping.de\/nl\/2019\/02\/08\/valentinstag-in-den-carolus-thermen\/#primaryimage"},"thumbnailUrl":"https:\/\/aachen-shopping.de\/wp-content\/uploads\/2019\/02\/EIA_VCT.jpg","articleSection":["Vondst van de week"],"inLanguage":"nl-NL"},{"@type":"WebPage","@id":"https:\/\/aachen-shopping.de\/nl\/2019\/02\/08\/valentinstag-in-den-carolus-thermen\/","url":"https:\/\/aachen-shopping.de\/nl\/2019\/02\/08\/valentinstag-in-den-carolus-thermen\/","name":"Valentinstag in den Carolus Thermen - Einkaufen in Aachen","isPartOf":{"@id":"https:\/\/aachen-shopping.de\/nl\/#website"},"primaryImageOfPage":{"@id":"https:\/\/aachen-shopping.de\/nl\/2019\/02\/08\/valentinstag-in-den-carolus-thermen\/#primaryimage"},"image":{"@id":"https:\/\/aachen-shopping.de\/nl\/2019\/02\/08\/valentinstag-in-den-carolus-thermen\/#primaryimage"},"thumbnailUrl":"https:\/\/aachen-shopping.de\/wp-content\/uploads\/2019\/02\/EIA_VCT.jpg","datePublished":"2019-02-08T13:44:04+00:00","author":{"@id":"https:\/\/aachen-shopping.de\/nl\/#\/schema\/person\/e7e4ecf5a1b2dcc107deec3ae378ee7e"},"breadcrumb":{"@id":"https:\/\/aachen-shopping.de\/nl\/2019\/02\/08\/valentinstag-in-den-carolus-thermen\/#breadcrumb"},"inLanguage":"nl-NL","potentialAction":[{"@type":"ReadAction","target":["https:\/\/aachen-shopping.de\/nl\/2019\/02\/08\/valentinstag-in-den-carolus-thermen\/"]}]},{"@type":"ImageObject","inLanguage":"nl-NL","@id":"https:\/\/aachen-shopping.de\/nl\/2019\/02\/08\/valentinstag-in-den-carolus-thermen\/#primaryimage","url":"https:\/\/aachen-shopping.de\/wp-content\/uploads\/2019\/02\/EIA_VCT.jpg","contentUrl":"https:\/\/aachen-shopping.de\/wp-content\/uploads\/2019\/02\/EIA_VCT.jpg","width":447,"height":312},{"@type":"BreadcrumbList","@id":"https:\/\/aachen-shopping.de\/nl\/2019\/02\/08\/valentinstag-in-den-carolus-thermen\/#breadcrumb","itemListElement":[{"@type":"ListItem","position":1,"name":"Home","item":"https:\/\/aachen-shopping.de\/nl\/"},{"@type":"ListItem","position":2,"name":"Valentinstag in den Carolus Thermen"}]},{"@type":"WebSite","@id":"https:\/\/aachen-shopping.de\/nl\/#website","url":"https:\/\/aachen-shopping.de\/nl\/","name":"Einkaufen in Aachen","description":"","potentialAction":[{"@type":"SearchAction","target":{"@type":"EntryPoint","urlTemplate":"https:\/\/aachen-shopping.de\/nl\/?s={search_term_string}"},"query-input":{"@type":"PropertyValueSpecification","valueRequired":true,"valueName":"search_term_string"}}],"inLanguage":"nl-NL"},{"@type":"Person","@id":"https:\/\/aachen-shopping.de\/nl\/#\/schema\/person\/e7e4ecf5a1b2dcc107deec3ae378ee7e","name":"admin","image":{"@type":"ImageObject","inLanguage":"nl-NL","@id":"https:\/\/secure.gravatar.com\/avatar\/3599321e84ad68a7d8737390ec546368649423d41e0f49ba4af1a5b6151bb2a7?s=96&d=mm&r=g","url":"https:\/\/secure.gravatar.com\/avatar\/3599321e84ad68a7d8737390ec546368649423d41e0f49ba4af1a5b6151bb2a7?s=96&d=mm&r=g","contentUrl":"https:\/\/secure.gravatar.com\/avatar\/3599321e84ad68a7d8737390ec546368649423d41e0f49ba4af1a5b6151bb2a7?s=96&d=mm&r=g","caption":"admin"},"url":"https:\/\/aachen-shopping.de\/nl\/author\/einkaufen-in-aachen\/"}]}},"_links":{"self":[{"href":"https:\/\/aachen-shopping.de\/nl\/wp-json\/wp\/v2\/posts\/18324","targetHints":{"allow":["GET"]}}],"collection":[{"href":"https:\/\/aachen-shopping.de\/nl\/wp-json\/wp\/v2\/posts"}],"about":[{"href":"https:\/\/aachen-shopping.de\/nl\/wp-json\/wp\/v2\/types\/post"}],"author":[{"embeddable":true,"href":"https:\/\/aachen-shopping.de\/nl\/wp-json\/wp\/v2\/users\/1"}],"replies":[{"embeddable":true,"href":"https:\/\/aachen-shopping.de\/nl\/wp-json\/wp\/v2\/comments?post=18324"}],"version-history":[{"count":0,"href":"https:\/\/aachen-shopping.de\/nl\/wp-json\/wp\/v2\/posts\/18324\/revisions"}],"wp:featuredmedia":[{"embeddable":true,"href":"https:\/\/aachen-shopping.de\/nl\/wp-json\/wp\/v2\/media\/18284"}],"wp:attachment":[{"href":"https:\/\/aachen-shopping.de\/nl\/wp-json\/wp\/v2\/media?parent=18324"}],"wp:term":[{"taxonomy":"category","embeddable":true,"href":"https:\/\/aachen-shopping.de\/nl\/wp-json\/wp\/v2\/categories?post=18324"},{"taxonomy":"post_tag","embeddable":true,"href":"https:\/\/aachen-shopping.de\/nl\/wp-json\/wp\/v2\/tags?post=18324"}],"curies":[{"name":"wp","href":"https:\/\/api.w.org\/{rel}","templated":true}]}}