{"id":24226,"date":"2020-12-21T09:13:30","date_gmt":"2020-12-21T08:13:30","guid":{"rendered":"https:\/\/aachen-shopping.de\/2020\/11\/27\/aachener-lichterglanz\/"},"modified":"2020-12-21T11:15:37","modified_gmt":"2020-12-21T10:15:37","slug":"aachener-lichterglanz","status":"publish","type":"post","link":"https:\/\/aachen-shopping.de\/nl\/2020\/12\/21\/aachener-lichterglanz\/","title":{"rendered":"Aachener Lichterglanz"},"content":{"rendered":"<p>Auch wenn der Aachener Weihnachtsmarkt coronabedingt ausfallen musste, erstrahlt die Innenstadt in weihnachtlichem Lichterglanz.<\/p>\n<p>Dank zahlreicher Sponsoren und verschiedener Stra\u00dfengemeinschaften sorgen ein festlich geschm\u00fcckter Weihnachtsbaum auf dem Markt und aufwendige Lichtdekorationen in den Stra\u00dfen f\u00fcr eine stimmungsvolle Atmosph\u00e4re.<\/p>\n<p>Zu sehen ist das ganze noch bis zum 6.1.2021. Evt. wird die Aktion aber auch verl\u00e4ngert.<\/p>\n<hr \/>\n<p><span style=\"font-size: 8pt;\">Foto: Berde<\/span><\/p>\n","protected":false},"excerpt":{"rendered":"<p>Die Innenstadt im vorweihnachtlichem Lichterglanz und ein festlich geschm\u00fcckter Weihnachtsbaum auf dem Markt.<\/p>\n","protected":false},"author":1,"featured_media":24494,"comment_status":"closed","ping_status":"closed","sticky":false,"template":"","format":"standard","meta":{"_acf_changed":false,"_monsterinsights_skip_tracking":false,"_monsterinsights_sitenote_active":false,"_monsterinsights_sitenote_note":"","_monsterinsights_sitenote_category":0,"footnotes":""},"categories":[18],"tags":[],"class_list":["post-24226","post","type-post","status-publish","format-standard","has-post-thumbnail","hentry","category-fundstucke-nl"],"acf":[],"yoast_head":"<!-- This site is optimized with the Yoast SEO plugin v27.2 - https:\/\/yoast.com\/product\/yoast-seo-wordpress\/ -->\n<title>Aachener Lichterglanz - Einkaufen in Aachen<\/title>\n<meta name=\"description\" content=\"Die Innenstadt im vorweihnachtlichem Lichterglanz und ein festlich geschm\u00fcckter Weihnachtsbaum auf dem Markt.\" \/>\n<meta name=\"robots\" content=\"index, follow, max-snippet:-1, max-image-preview:large, max-video-preview:-1\" \/>\n<link rel=\"canonical\" href=\"https:\/\/aachen-shopping.de\/nl\/2020\/12\/21\/aachener-lichterglanz\/\" \/>\n<script type=\"application\/ld+json\" class=\"yoast-schema-graph\">{\"@context\":\"https:\/\/schema.org\",\"@graph\":[{\"@type\":\"Article\",\"@id\":\"https:\/\/aachen-shopping.de\/nl\/2020\/12\/21\/aachener-lichterglanz\/#article\",\"isPartOf\":{\"@id\":\"https:\/\/aachen-shopping.de\/nl\/2020\/12\/21\/aachener-lichterglanz\/\"},\"author\":{\"name\":\"admin\",\"@id\":\"https:\/\/aachen-shopping.de\/nl\/#\/schema\/person\/e7e4ecf5a1b2dcc107deec3ae378ee7e\"},\"headline\":\"Aachener Lichterglanz\",\"datePublished\":\"2020-12-21T08:13:30+00:00\",\"dateModified\":\"2020-12-21T10:15:37+00:00\",\"mainEntityOfPage\":{\"@id\":\"https:\/\/aachen-shopping.de\/nl\/2020\/12\/21\/aachener-lichterglanz\/\"},\"wordCount\":63,\"image\":{\"@id\":\"https:\/\/aachen-shopping.de\/nl\/2020\/12\/21\/aachener-lichterglanz\/#primaryimage\"},\"thumbnailUrl\":\"https:\/\/aachen-shopping.de\/wp-content\/uploads\/2020\/12\/EIA_HyE_DiEiBu_hoem-1-scaled.jpg\",\"articleSection\":[\"Vondst van de week\"],\"inLanguage\":\"nl-NL\"},{\"@type\":\"WebPage\",\"@id\":\"https:\/\/aachen-shopping.de\/nl\/2020\/12\/21\/aachener-lichterglanz\/\",\"url\":\"https:\/\/aachen-shopping.de\/nl\/2020\/12\/21\/aachener-lichterglanz\/\",\"name\":\"Aachener Lichterglanz - Einkaufen in Aachen\",\"isPartOf\":{\"@id\":\"https:\/\/aachen-shopping.de\/nl\/#website\"},\"primaryImageOfPage\":{\"@id\":\"https:\/\/aachen-shopping.de\/nl\/2020\/12\/21\/aachener-lichterglanz\/#primaryimage\"},\"image\":{\"@id\":\"https:\/\/aachen-shopping.de\/nl\/2020\/12\/21\/aachener-lichterglanz\/#primaryimage\"},\"thumbnailUrl\":\"https:\/\/aachen-shopping.de\/wp-content\/uploads\/2020\/12\/EIA_HyE_DiEiBu_hoem-1-scaled.jpg\",\"datePublished\":\"2020-12-21T08:13:30+00:00\",\"dateModified\":\"2020-12-21T10:15:37+00:00\",\"author\":{\"@id\":\"https:\/\/aachen-shopping.de\/nl\/#\/schema\/person\/e7e4ecf5a1b2dcc107deec3ae378ee7e\"},\"description\":\"Die Innenstadt im vorweihnachtlichem Lichterglanz und ein festlich geschm\u00fcckter Weihnachtsbaum auf dem Markt.\",\"breadcrumb\":{\"@id\":\"https:\/\/aachen-shopping.de\/nl\/2020\/12\/21\/aachener-lichterglanz\/#breadcrumb\"},\"inLanguage\":\"nl-NL\",\"potentialAction\":[{\"@type\":\"ReadAction\",\"target\":[\"https:\/\/aachen-shopping.de\/nl\/2020\/12\/21\/aachener-lichterglanz\/\"]}]},{\"@type\":\"ImageObject\",\"inLanguage\":\"nl-NL\",\"@id\":\"https:\/\/aachen-shopping.de\/nl\/2020\/12\/21\/aachener-lichterglanz\/#primaryimage\",\"url\":\"https:\/\/aachen-shopping.de\/wp-content\/uploads\/2020\/12\/EIA_HyE_DiEiBu_hoem-1-scaled.jpg\",\"contentUrl\":\"https:\/\/aachen-shopping.de\/wp-content\/uploads\/2020\/12\/EIA_HyE_DiEiBu_hoem-1-scaled.jpg\",\"width\":2199,\"height\":2560},{\"@type\":\"BreadcrumbList\",\"@id\":\"https:\/\/aachen-shopping.de\/nl\/2020\/12\/21\/aachener-lichterglanz\/#breadcrumb\",\"itemListElement\":[{\"@type\":\"ListItem\",\"position\":1,\"name\":\"Home\",\"item\":\"https:\/\/aachen-shopping.de\/nl\/\"},{\"@type\":\"ListItem\",\"position\":2,\"name\":\"Aachener Lichterglanz\"}]},{\"@type\":\"WebSite\",\"@id\":\"https:\/\/aachen-shopping.de\/nl\/#website\",\"url\":\"https:\/\/aachen-shopping.de\/nl\/\",\"name\":\"Einkaufen in Aachen\",\"description\":\"\",\"potentialAction\":[{\"@type\":\"SearchAction\",\"target\":{\"@type\":\"EntryPoint\",\"urlTemplate\":\"https:\/\/aachen-shopping.de\/nl\/?s={search_term_string}\"},\"query-input\":{\"@type\":\"PropertyValueSpecification\",\"valueRequired\":true,\"valueName\":\"search_term_string\"}}],\"inLanguage\":\"nl-NL\"},{\"@type\":\"Person\",\"@id\":\"https:\/\/aachen-shopping.de\/nl\/#\/schema\/person\/e7e4ecf5a1b2dcc107deec3ae378ee7e\",\"name\":\"admin\",\"image\":{\"@type\":\"ImageObject\",\"inLanguage\":\"nl-NL\",\"@id\":\"https:\/\/secure.gravatar.com\/avatar\/3599321e84ad68a7d8737390ec546368649423d41e0f49ba4af1a5b6151bb2a7?s=96&d=mm&r=g\",\"url\":\"https:\/\/secure.gravatar.com\/avatar\/3599321e84ad68a7d8737390ec546368649423d41e0f49ba4af1a5b6151bb2a7?s=96&d=mm&r=g\",\"contentUrl\":\"https:\/\/secure.gravatar.com\/avatar\/3599321e84ad68a7d8737390ec546368649423d41e0f49ba4af1a5b6151bb2a7?s=96&d=mm&r=g\",\"caption\":\"admin\"},\"url\":\"https:\/\/aachen-shopping.de\/nl\/author\/einkaufen-in-aachen\/\"}]}<\/script>\n<!-- \/ Yoast SEO plugin. -->","yoast_head_json":{"title":"Aachener Lichterglanz - Einkaufen in Aachen","description":"Die Innenstadt im vorweihnachtlichem Lichterglanz und ein festlich geschm\u00fcckter Weihnachtsbaum auf dem Markt.","robots":{"index":"index","follow":"follow","max-snippet":"max-snippet:-1","max-image-preview":"max-image-preview:large","max-video-preview":"max-video-preview:-1"},"canonical":"https:\/\/aachen-shopping.de\/nl\/2020\/12\/21\/aachener-lichterglanz\/","schema":{"@context":"https:\/\/schema.org","@graph":[{"@type":"Article","@id":"https:\/\/aachen-shopping.de\/nl\/2020\/12\/21\/aachener-lichterglanz\/#article","isPartOf":{"@id":"https:\/\/aachen-shopping.de\/nl\/2020\/12\/21\/aachener-lichterglanz\/"},"author":{"name":"admin","@id":"https:\/\/aachen-shopping.de\/nl\/#\/schema\/person\/e7e4ecf5a1b2dcc107deec3ae378ee7e"},"headline":"Aachener Lichterglanz","datePublished":"2020-12-21T08:13:30+00:00","dateModified":"2020-12-21T10:15:37+00:00","mainEntityOfPage":{"@id":"https:\/\/aachen-shopping.de\/nl\/2020\/12\/21\/aachener-lichterglanz\/"},"wordCount":63,"image":{"@id":"https:\/\/aachen-shopping.de\/nl\/2020\/12\/21\/aachener-lichterglanz\/#primaryimage"},"thumbnailUrl":"https:\/\/aachen-shopping.de\/wp-content\/uploads\/2020\/12\/EIA_HyE_DiEiBu_hoem-1-scaled.jpg","articleSection":["Vondst van de week"],"inLanguage":"nl-NL"},{"@type":"WebPage","@id":"https:\/\/aachen-shopping.de\/nl\/2020\/12\/21\/aachener-lichterglanz\/","url":"https:\/\/aachen-shopping.de\/nl\/2020\/12\/21\/aachener-lichterglanz\/","name":"Aachener Lichterglanz - Einkaufen in Aachen","isPartOf":{"@id":"https:\/\/aachen-shopping.de\/nl\/#website"},"primaryImageOfPage":{"@id":"https:\/\/aachen-shopping.de\/nl\/2020\/12\/21\/aachener-lichterglanz\/#primaryimage"},"image":{"@id":"https:\/\/aachen-shopping.de\/nl\/2020\/12\/21\/aachener-lichterglanz\/#primaryimage"},"thumbnailUrl":"https:\/\/aachen-shopping.de\/wp-content\/uploads\/2020\/12\/EIA_HyE_DiEiBu_hoem-1-scaled.jpg","datePublished":"2020-12-21T08:13:30+00:00","dateModified":"2020-12-21T10:15:37+00:00","author":{"@id":"https:\/\/aachen-shopping.de\/nl\/#\/schema\/person\/e7e4ecf5a1b2dcc107deec3ae378ee7e"},"description":"Die Innenstadt im vorweihnachtlichem Lichterglanz und ein festlich geschm\u00fcckter Weihnachtsbaum auf dem Markt.","breadcrumb":{"@id":"https:\/\/aachen-shopping.de\/nl\/2020\/12\/21\/aachener-lichterglanz\/#breadcrumb"},"inLanguage":"nl-NL","potentialAction":[{"@type":"ReadAction","target":["https:\/\/aachen-shopping.de\/nl\/2020\/12\/21\/aachener-lichterglanz\/"]}]},{"@type":"ImageObject","inLanguage":"nl-NL","@id":"https:\/\/aachen-shopping.de\/nl\/2020\/12\/21\/aachener-lichterglanz\/#primaryimage","url":"https:\/\/aachen-shopping.de\/wp-content\/uploads\/2020\/12\/EIA_HyE_DiEiBu_hoem-1-scaled.jpg","contentUrl":"https:\/\/aachen-shopping.de\/wp-content\/uploads\/2020\/12\/EIA_HyE_DiEiBu_hoem-1-scaled.jpg","width":2199,"height":2560},{"@type":"BreadcrumbList","@id":"https:\/\/aachen-shopping.de\/nl\/2020\/12\/21\/aachener-lichterglanz\/#breadcrumb","itemListElement":[{"@type":"ListItem","position":1,"name":"Home","item":"https:\/\/aachen-shopping.de\/nl\/"},{"@type":"ListItem","position":2,"name":"Aachener Lichterglanz"}]},{"@type":"WebSite","@id":"https:\/\/aachen-shopping.de\/nl\/#website","url":"https:\/\/aachen-shopping.de\/nl\/","name":"Einkaufen in Aachen","description":"","potentialAction":[{"@type":"SearchAction","target":{"@type":"EntryPoint","urlTemplate":"https:\/\/aachen-shopping.de\/nl\/?s={search_term_string}"},"query-input":{"@type":"PropertyValueSpecification","valueRequired":true,"valueName":"search_term_string"}}],"inLanguage":"nl-NL"},{"@type":"Person","@id":"https:\/\/aachen-shopping.de\/nl\/#\/schema\/person\/e7e4ecf5a1b2dcc107deec3ae378ee7e","name":"admin","image":{"@type":"ImageObject","inLanguage":"nl-NL","@id":"https:\/\/secure.gravatar.com\/avatar\/3599321e84ad68a7d8737390ec546368649423d41e0f49ba4af1a5b6151bb2a7?s=96&d=mm&r=g","url":"https:\/\/secure.gravatar.com\/avatar\/3599321e84ad68a7d8737390ec546368649423d41e0f49ba4af1a5b6151bb2a7?s=96&d=mm&r=g","contentUrl":"https:\/\/secure.gravatar.com\/avatar\/3599321e84ad68a7d8737390ec546368649423d41e0f49ba4af1a5b6151bb2a7?s=96&d=mm&r=g","caption":"admin"},"url":"https:\/\/aachen-shopping.de\/nl\/author\/einkaufen-in-aachen\/"}]}},"_links":{"self":[{"href":"https:\/\/aachen-shopping.de\/nl\/wp-json\/wp\/v2\/posts\/24226","targetHints":{"allow":["GET"]}}],"collection":[{"href":"https:\/\/aachen-shopping.de\/nl\/wp-json\/wp\/v2\/posts"}],"about":[{"href":"https:\/\/aachen-shopping.de\/nl\/wp-json\/wp\/v2\/types\/post"}],"author":[{"embeddable":true,"href":"https:\/\/aachen-shopping.de\/nl\/wp-json\/wp\/v2\/users\/1"}],"replies":[{"embeddable":true,"href":"https:\/\/aachen-shopping.de\/nl\/wp-json\/wp\/v2\/comments?post=24226"}],"version-history":[{"count":0,"href":"https:\/\/aachen-shopping.de\/nl\/wp-json\/wp\/v2\/posts\/24226\/revisions"}],"wp:featuredmedia":[{"embeddable":true,"href":"https:\/\/aachen-shopping.de\/nl\/wp-json\/wp\/v2\/media\/24494"}],"wp:attachment":[{"href":"https:\/\/aachen-shopping.de\/nl\/wp-json\/wp\/v2\/media?parent=24226"}],"wp:term":[{"taxonomy":"category","embeddable":true,"href":"https:\/\/aachen-shopping.de\/nl\/wp-json\/wp\/v2\/categories?post=24226"},{"taxonomy":"post_tag","embeddable":true,"href":"https:\/\/aachen-shopping.de\/nl\/wp-json\/wp\/v2\/tags?post=24226"}],"curies":[{"name":"wp","href":"https:\/\/api.w.org\/{rel}","templated":true}]}}